{"id":1558,"date":"2022-06-08T14:19:25","date_gmt":"2022-06-08T12:19:25","guid":{"rendered":"https:\/\/dexville.be\/facebook-een-nieuwe-pagina-versie\/"},"modified":"2024-03-01T15:05:14","modified_gmt":"2024-03-01T13:05:14","slug":"facebook-une-nouvelle-version-de-page","status":"publish","type":"post","link":"https:\/\/dexville.be\/fr\/facebook-une-nouvelle-version-de-page\/","title":{"rendered":"Facebook : une nouvelle version de page"},"content":{"rendered":"<section class=\"l-section wpb_row height_large\"><div class=\"l-section-h i-cf\"><div class=\"g-cols vc_row via_flex valign_top type_default stacking_default\"><div class=\"vc_col-sm-12 wpb_column vc_column_container\"><div class=\"vc_column-inner\"><div class=\"wpb_wrapper\"><div class=\"w-grid us_carousel teamcarou eyehover3 blogauthor type_carousel layout_1075 preload_style_spinner\" id=\"us_grid_1\"><style>.layout_1075 .w-grid-item-h{}@media(min-width:2px){.layout_1075 .usg_image_1{display:none!important}}.layout_1075 .usg_hwrapper_1{border:1px solid #000000!important}.layout_1075 .usg_post_image_1{max-width:250px!important;max-height:250px!important;margin:50px!important}.layout_1075 .usg_vwrapper_1{padding:50px 30px 50px 30px!important}.layout_1075 .usg_post_content_1{color:#ffffff!important;font-size:18px!important;font-weight:300!important}.layout_1075 .usg_image_1{text-align:left!important;width:150px!important;max-height:45px!important}.layout_1075 .usg_vwrapper_3{color:#ffffff!important;background:#000000!important;padding:50px 30px 50px 30px!important}.layout_1075 .usg_post_title_2{color:#ffffff!important;font-size:18px!important;font-weight:700!important;text-transform:uppercase!important;margin-top:30px!important}@media (min-width:1025px) and (max-width:1380px){.layout_1075 .usg_post_image_1{max-width:250px!important;max-height:250px!important;margin:50px!important}}@media (min-width:768px) and (max-width:1024px){.layout_1075 .usg_post_image_1{max-width:200px!important;max-height:200px!important;margin:25px!important}}@media (max-width:767px){.layout_1075 .usg_post_image_1{width:100%!important;max-width:initial!important;max-height:initial!important;margin:0px!important}}<\/style><div class=\"w-grid-list owl-carousel valign_stretch dotstyle_circle navstyle_circle arrows-ver-pos_middle arrows-hor-pos_on_sides_outside arrows-disabled_hide owl-responsive-2000\" style=\"--transition-duration:350ms;\">\t<article class=\"w-grid-item post-2981 teamlid type-teamlid status-publish has-post-thumbnail hentry team-categorie-campaign-management-fr team-categorie-content-creatie-fr team-categorie-copywriting-fr team-categorie-data-performance-fr team-categorie-digital-advertising-fr team-categorie-google-fr team-categorie-marketing-fr team-categorie-media-buying-fr team-categorie-performance-marketing-fr team-categorie-programatic-advertising-fr team-categorie-search-advertising-fr team-categorie-search-and-conversion-optimization-fr team-categorie-social-advertising-fr team-categorie-social-media-fr\" data-id=\"2981\">\r\n\t\t<div class=\"w-grid-item-h\">\r\n\t\t\t\t\t\t<div class=\"w-hwrapper usg_hwrapper_1 align_justify valign_stretch stack_on_mobiles\"><div class=\"w-post-elm post_image usg_post_image_1 has_width has_height has_ratio\"><a href=\"https:\/\/dexville.be\/lets-talk\/\" aria-label=\"Pauline Lambotte\"><img loading=\"lazy\" decoding=\"async\" width=\"1024\" height=\"1024\" src=\"https:\/\/dexville.be\/wp-content\/uploads\/2023\/12\/DexVille-Pauline-Lambotte-01-1024x1024.jpg\" class=\"attachment-large size-large wp-post-image\" alt=\"Werknemer Pauline Lambotte\" title=\"\"><\/a><div style=\"padding-bottom:100%\"><\/div><\/div><div class=\"w-vwrapper usg_vwrapper_1 align_left valign_justify\"><div class=\"w-vwrapper usg_vwrapper_2 align_none valign_top\"><p class=\"w-post-elm post_title usg_post_title_2 blogauthorname has_text_color entry-title color_link_inherit\">Pauline Lambotte<\/p><div class=\"w-post-elm post_content usg_post_content_1 has_text_color\"><p>Digital Expert &amp; Account Manager<\/p>\n<\/div><\/div><div class=\"w-image usg_image_1 aztrixbutton has_height\"><a href=\"https:\/\/aztrix.me\/paulinelambotte*?lang=fr\" aria-label=\"Aztrix_logo-01\" class=\"w-image-h\" target=\"_blank\" rel=\"noopener\"><img decoding=\"async\" width=\"1024\" height=\"1024\" src=\"https:\/\/dexville.be\/wp-content\/uploads\/2023\/10\/Aztrix_logo-01.svg\" class=\"attachment-large size-large\" alt=\"\" loading=\"lazy\" title=\"\"><\/a><\/div><\/div><div class=\"w-vwrapper usg_vwrapper_3 has_text_color align_none valign_bottom\"><div class=\"w-html usg_html_1 whitelink\"><p>\n\tShare\n<\/p>\n<p>\n\t<strong><a href=\"mailto:info@dexville.be\">E-MAIL<\/a> - <a href=\"https:\/\/www.facebook.com\/dexville.digitalexperts\" target=\"_blank\" rel=\"noopener\">FACEBOOK<\/a> - <a href=\"https:\/\/www.linkedin.com\/company\/dexville-agency\/mycompany\/\" target=\"_blank\" rel=\"noopener\">INSTAGRAM<\/a> - <a href=\"https:\/\/www.linkedin.com\/company\/dexville-agency\/mycompany\/\" target=\"_blank\" rel=\"noopener\">LINKEDIN<\/a><\/strong>\n<\/p><\/div><\/div><\/div>\t\t<\/div>\r\n\t\t\t<\/article>\r\n<\/div><div class=\"w-grid-carousel-json hidden\" onclick='return {&quot;carousel_settings&quot;:{&quot;aria_labels&quot;:{&quot;prev&quot;:&quot;Pr\\u00e9c\\u00e9dent&quot;,&quot;next&quot;:&quot;Suivant&quot;},&quot;autoplayContinual&quot;:false,&quot;autoplayHoverPause&quot;:false,&quot;autoplayTimeout&quot;:3000,&quot;autoWidth&quot;:false,&quot;smartSpeed&quot;:350,&quot;margin&quot;:0,&quot;mouseDrag&quot;:true,&quot;rtl&quot;:false,&quot;slideBy&quot;:&quot;1&quot;,&quot;touchDrag&quot;:true,&quot;slideTransition&quot;:&quot;&quot;,&quot;responsive&quot;:{&quot;0&quot;:{&quot;autoHeight&quot;:false,&quot;autoplay&quot;:false,&quot;autoWidth&quot;:false,&quot;center&quot;:false,&quot;dots&quot;:false,&quot;items&quot;:1,&quot;loop&quot;:false,&quot;nav&quot;:false,&quot;stagePadding&quot;:0,&quot;slideBy&quot;:&quot;1&quot;},&quot;768&quot;:{&quot;autoHeight&quot;:false,&quot;autoplay&quot;:false,&quot;autoWidth&quot;:false,&quot;center&quot;:false,&quot;dots&quot;:false,&quot;items&quot;:1,&quot;loop&quot;:false,&quot;nav&quot;:false,&quot;stagePadding&quot;:0,&quot;slideBy&quot;:&quot;1&quot;},&quot;1025&quot;:{&quot;autoHeight&quot;:false,&quot;autoplay&quot;:false,&quot;autoWidth&quot;:false,&quot;center&quot;:false,&quot;dots&quot;:false,&quot;items&quot;:1,&quot;loop&quot;:false,&quot;nav&quot;:false,&quot;stagePadding&quot;:0,&quot;slideBy&quot;:&quot;1&quot;},&quot;1381&quot;:{&quot;items&quot;:1,&quot;autoplay&quot;:false,&quot;center&quot;:false,&quot;dots&quot;:false,&quot;nav&quot;:false,&quot;autoHeight&quot;:false,&quot;autoWidth&quot;:false,&quot;loop&quot;:false,&quot;stagePadding&quot;:0}}}}'><\/div><\/div><\/div><\/div><\/div><\/div><\/div><\/section>\n","protected":false},"excerpt":{"rendered":"Digital Expert &amp; Account Manager","protected":false},"author":1,"featured_media":1539,"comment_status":"closed","ping_status":"open","sticky":false,"template":"","format":"standard","meta":{"_acf_changed":false,"footnotes":""},"categories":[106,100,111],"tags":[],"formats":[138],"class_list":["post-1558","post","type-post","status-publish","format-standard","has-post-thumbnail","hentry","category-digital-advertising-fr","category-reseaux-sociaux","category-social-advertising-fr","formats-blog-fr"],"acf":{"korte_inhoud":"Apr\u00e8s le changement de nom en Meta, les modifications d'algorithme et l'outil Creator Studio, une nouvelle version de la page Facebook est \u00e0 venir.","inleidingstitel":"","inleiding":"Facebook ne cesse d\u2019\u00e9voluer et d\u2019op\u00e9rer \u00e0 des changements : son nom \u00ab Meta \u00bb, ses algorithmes, son outil Creator Studio,\u2026\r\n\r\nUn des prochains changements concerne le d\u00e9ploiement d\u2019une nouvelle version de page Facebook. Elle n\u2019est pas encore disponible pour toutes les pages mais pas d\u2019inqui\u00e9tude, cela arrivera prochainement.\r\n\r\nCette nouvelle version permettra aux utilisateurs disposant d\u2019une page Facebook et souhaitant constituer une communaut\u00e9 d\u2019entrer en contact et de g\u00e9rer leur pr\u00e9sence professionnelle sur Facebook.","tekst_1":"<div class=\"wpb_text_column\">\r\n<div class=\"wpb_wrapper\">\r\n<h2>Comment se rendre sur la nouvelle interface ?<\/h2>\r\n<\/div>\r\n<\/div>\r\n<div class=\"wpb_text_column\">\r\n<div class=\"wpb_wrapper\">\r\n<ol>\r\n \t<li>Sur votre compte priv\u00e9, cliquez sur la fl\u00e8che \u00e0 droite de l\u2019ic\u00f4ne \u00ab notification \u00bb.<\/li>\r\n \t<li>Une fen\u00eatre s\u2019affiche et vous aurez la possibilit\u00e9 de changer de profil. S\u00e9lectionnez la bonne page.<\/li>\r\n<\/ol>\r\nSi votre page n\u2019appara\u00eet pas, vous n\u2019avez pas encore la nouvelle version.\r\n\r\n<img class=\"alignnone size-full wp-image-1541\" src=\"https:\/\/dexville.be\/wp-content\/uploads\/2024\/01\/Facebook-pagina.png\" alt=\"\" width=\"382\" height=\"514\" \/>\r\n\r\nEn version mobile, cliquez sur la photo de profil et s\u00e9lectionnez \u00ab changer de profil \u00bb. Choisissez la bonne page.\r\n\r\n<\/div>\r\n<\/div>\r\n<img class=\"alignnone size-full wp-image-1540\" src=\"https:\/\/dexville.be\/wp-content\/uploads\/2024\/01\/Facebook-pagina.png\" alt=\"\" width=\"382\" height=\"514\" \/>","featured_tekst_1":"","tekst_2":"<h2>Quelles sont les nouveaut\u00e9s li\u00e9es au changement ?<\/h2>\r\n<h3>Suppression de la mention j\u2019aime sur les pages<\/h3>\r\nFacebook se concentrera uniquement sur les abonn\u00e9s, plus fiables que les mentions j\u2019aime selon le r\u00e9seau social. Un abonn\u00e9 d\u00e9sire voir toutes les publications de la page tandis qu\u2019une personne aimant une page s\u2019abonne automatiquement et peut se d\u00e9sabonner tout en continuant \u00e0 aimer la page.\r\n\r\nCertaines pages disposeront encore de la mention j\u2019aime mais ce ne sera pas le cas pour la plupart.\r\n\r\nIl y a d\u00e9sormais un onglet \u00ab mention \u00bb sur la nouvelle version de page.\r\n\r\nNotez que :\r\n<ul>\r\n \t<li>Si un utilisateur aime et est abonn\u00e9 \u00e0 la page, il sera repris dans la nouvelle page comme abonn\u00e9.<\/li>\r\n \t<li>Si un utilisateur est abonn\u00e9 \u00e0 la page mais ne l\u2019aime pas, il ne se sera pas repris dans la nouvelle page.<\/li>\r\n \t<li>Si un utilisateur aime la page mais n\u2019est pas abonn\u00e9, il ne sera pas repris comme abonn\u00e9 sur la nouvelle page.<\/li>\r\n<\/ul>\r\n<h3>Un design plus simple et ergonomique<\/h3>\r\nFacebook a repens\u00e9 le design afin de proposer une version plus \u00e9pur\u00e9e et intuitive. La navigation entre un compte priv\u00e9 et professionnel sera simplifi\u00e9e et permettra, notamment, d\u2019\u00e9viter des confusions entre le compte priv\u00e9 et professionnel telles que les r\u00e9ponses aux commentaires depuis un compte plut\u00f4t qu\u2019une page et inversement.\r\n<h3>L\u2019attribution des r\u00f4les variera de l\u2019ancienne version<\/h3>\r\nD\u00e9couvrez l\u2019explication ci-apr\u00e8s.\r\n<h3>Un fil d\u2019actualit\u00e9<\/h3>\r\nIl y a 2 fils d\u2019actualit\u00e9, un destin\u00e9 aux pages et un d\u00e9di\u00e9 aux comptes priv\u00e9s. Cette nouveaut\u00e9 est id\u00e9ale pour qu\u2019une page interagisse avec des utilisateurs, des marques ainsi qu\u2019avec sa communaut\u00e9. Il sera \u00e9galement possible de suivre d\u2019autres pages et personnalit\u00e9s publiques permettant d\u2019afficher des sujets int\u00e9ressants dans le fil d\u2019actualit\u00e9. Les internautes disposant d\u2019un contr\u00f4le total pourront visualiser ce fil d\u2019actualit\u00e9.\r\nDes suggestions de pages, groupes et contenus pertinents seront \u00e9galement propos\u00e9s.\r\n<h3>Nouveau format de questions\/r\u00e9ponses permettant de d\u00e9velopper les interactions et augmenter l\u2019engagement des pages<\/h3>\r\n<h3>Statistiques exploitables et notifications plus pertinentes<\/h3>\r\n<h3>Meilleur contr\u00f4le concernant la mod\u00e9ration<\/h3>\r\nSpam , haine, violence,\u2026\r\n<h3>Gestion depuis les navigateurs web mobiles<\/h3>\r\nLe gestion de page peut se faire depuis l\u2019application mobile Facebook mais pas depuis les navigateurs web mobiles.","image":1537,"tekst_3":"<h2>Les nouveaut\u00e9s en mati\u00e8re de r\u00f4le d\u2019une page<\/h2>\r\nUne autre nouveaut\u00e9 concerne les r\u00f4les d\u2019une page. Il est d\u00e9sormais possible d\u2019attribuer un r\u00f4le avec un contr\u00f4le total ou partiel aux utilisateurs.\r\n\r\nIl faut obligatoirement disposer d\u2019un acc\u00e8s total pour assigner des r\u00f4les de page. Une personne disposant d\u2019un acc\u00e8s total peut donc d\u00e9finir un acc\u00e8s par t\u00e2che pour un autre utilisateur et choisir les fonctionnalit\u00e9s qu\u2019il peut g\u00e9rer (publicit\u00e9s, statistiques, contenu).\r\n\r\nLes utilisateurs ne disposant pas d\u2019un acc\u00e8s administrateur dans les anciennes versions de page auront directement un acc\u00e8s par t\u00e2che. Un acc\u00e8s par t\u00e2che ne permet pas de basculer vers la nouvelle page Facebook mais permet de travailler avec les outils n\u00e9cessaires, selon l\u2019acc\u00e8s.\r\n<table>\r\n<tbody>\r\n<tr>\r\n<th>R\u00f4les sur les Pages classiques<\/th>\r\n<th>Acc\u00e8s \u00e0 la Page sur la nouvelle version des Pages<\/th>\r\n<\/tr>\r\n<tr>\r\n<td>Admin<\/td>\r\n<td>Acc\u00e8s Facebook avec contr\u00f4le total<\/td>\r\n<\/tr>\r\n<tr>\r\n<td>\u00c9diteur<\/td>\r\n<td>Acc\u00e8s Facebook avec contr\u00f4le partiel<\/td>\r\n<\/tr>\r\n<tr>\r\n<td>Mod\u00e9rateur-trice<\/td>\r\n<td>Acc\u00e8s par t\u00e2che pour les r\u00e9ponses aux messages, l\u2019activit\u00e9 de la communaut\u00e9, la publicit\u00e9, les statistiques<\/td>\r\n<\/tr>\r\n<tr>\r\n<td>Annonceur<\/td>\r\n<td>Acc\u00e8s par t\u00e2che pour la publicit\u00e9, les statistiques<\/td>\r\n<\/tr>\r\n<tr>\r\n<td>Analyste<\/td>\r\n<td>Acc\u00e8s par t\u00e2che pour les statistiques<\/td>\r\n<\/tr>\r\n<\/tbody>\r\n<\/table>\r\nPour le moment, il est possible de revenir \u00e0 une ancienne version de page mais attention aux cons\u00e9quences : certaines donn\u00e9es pourraient \u00eatre perdues. Renseignez-vous avant d\u2019effectuer la demande de retour. C\u2019est in\u00e9vitable, tout le monde passera \u00e0 la nouvelle version de page, il vaut mieux s\u2019y habituer d\u00e8s que possible.","blackrow_titel":"Learnings","blackrow_tekst":"Il reste donc \u00e0 voir si cette nouvelle version de page sera belle et bien plus intuitive et simple pour les utilisateurs de ces nouvelles pages. Vous serez sans doute d\u00e9stabilis\u00e9 au d\u00e9but mais comme pour tout, c\u2019est une question d\u2019habitude !"},"_links":{"self":[{"href":"https:\/\/dexville.be\/fr\/wp-json\/wp\/v2\/posts\/1558","targetHints":{"allow":["GET"]}}],"collection":[{"href":"https:\/\/dexville.be\/fr\/wp-json\/wp\/v2\/posts"}],"about":[{"href":"https:\/\/dexville.be\/fr\/wp-json\/wp\/v2\/types\/post"}],"author":[{"embeddable":true,"href":"https:\/\/dexville.be\/fr\/wp-json\/wp\/v2\/users\/1"}],"replies":[{"embeddable":true,"href":"https:\/\/dexville.be\/fr\/wp-json\/wp\/v2\/comments?post=1558"}],"version-history":[{"count":3,"href":"https:\/\/dexville.be\/fr\/wp-json\/wp\/v2\/posts\/1558\/revisions"}],"predecessor-version":[{"id":1561,"href":"https:\/\/dexville.be\/fr\/wp-json\/wp\/v2\/posts\/1558\/revisions\/1561"}],"wp:featuredmedia":[{"embeddable":true,"href":"https:\/\/dexville.be\/fr\/wp-json\/wp\/v2\/media\/1539"}],"wp:attachment":[{"href":"https:\/\/dexville.be\/fr\/wp-json\/wp\/v2\/media?parent=1558"}],"wp:term":[{"taxonomy":"category","embeddable":true,"href":"https:\/\/dexville.be\/fr\/wp-json\/wp\/v2\/categories?post=1558"},{"taxonomy":"post_tag","embeddable":true,"href":"https:\/\/dexville.be\/fr\/wp-json\/wp\/v2\/tags?post=1558"},{"taxonomy":"formats","embeddable":true,"href":"https:\/\/dexville.be\/fr\/wp-json\/wp\/v2\/formats?post=1558"}],"curies":[{"name":"wp","href":"https:\/\/api.w.org\/{rel}","templated":true}]}}